{"id":12122,"date":"2026-09-01T07:30:00","date_gmt":"2026-09-01T07:30:00","guid":{"rendered":"https:\/\/acacef.com.br\/novo\/?p=12122"},"modified":"2026-09-01T00:43:32","modified_gmt":"2026-09-01T00:43:32","slug":"setembro-amarelo-conscientizacao-tambem-comeca-pelo-cuidado-e-pela-escuta","status":"publish","type":"post","link":"https:\/\/acacef.com.br\/novo\/setembro-amarelo-conscientizacao-tambem-comeca-pelo-cuidado-e-pela-escuta\/","title":{"rendered":"Setembro Amarelo: conscientiza\u00e7\u00e3o tamb\u00e9m come\u00e7a pelo cuidado e pela escuta"},"content":{"rendered":"\n<p class=\"wp-block-paragraph\">Setembro \u00e9 marcado pelo Setembro Amarelo, campanha de conscientiza\u00e7\u00e3o que refor\u00e7a a import\u00e2ncia de falar sobre sa\u00fade mental, preven\u00e7\u00e3o do suic\u00eddio e valoriza\u00e7\u00e3o da vida.<\/p>\n\n\n\n<p class=\"wp-block-paragraph\">Mais do que uma campanha, o per\u00edodo nos convida a olhar com mais aten\u00e7\u00e3o para as pessoas que est\u00e3o ao nosso redor e compreender que cuidar tamb\u00e9m significa ouvir, acolher e estar presente.<\/p>\n\n\n\n<p class=\"wp-block-paragraph\"><strong>Nem sempre o sofrimento \u00e9 vis\u00edvel<\/strong><\/p>\n\n\n\n<p class=\"wp-block-paragraph\">Nem sempre percebemos os sentimentos, as dificuldades ou os momentos delicados que fazem parte da vida de quem est\u00e1 ao nosso redor. Por isso, estar dispon\u00edvel para ouvir, demonstrar aten\u00e7\u00e3o e oferecer companhia pode fazer diferen\u00e7a.<\/p>\n\n\n\n<p class=\"wp-block-paragraph\">Por isso, manter os v\u00ednculos e cultivar espa\u00e7os de conviv\u00eancia pode ser t\u00e3o importante. Uma conversa, uma visita, um convite para participar de uma atividade ou simplesmente perguntar com sinceridade \u201ccomo voc\u00ea est\u00e1?\u201d pode abrir espa\u00e7o para que algu\u00e9m se sinta ouvido.<\/p>\n\n\n\n<p class=\"wp-block-paragraph\"><strong>Conviv\u00eancia tamb\u00e9m \u00e9 uma forma de cuidado<\/strong><\/p>\n\n\n\n<p class=\"wp-block-paragraph\">Ao longo da vida, os v\u00ednculos constru\u00eddos com familiares, amigos e grupos de conviv\u00eancia assumem um papel importante no bem-estar.<\/p>\n\n\n\n<p class=\"wp-block-paragraph\">Na ACACEF, os encontros, atividades e projetos desenvolvidos ao longo do ano buscam justamente fortalecer esses la\u00e7os, criando oportunidades para conversar, compartilhar experi\u00eancias, fazer novas amizades e manter a participa\u00e7\u00e3o social.<\/p>\n\n\n\n<p class=\"wp-block-paragraph\">Estar junto n\u00e3o resolve todos os momentos dif\u00edceis, mas pode ajudar a lembrar que existe uma rede de pessoas com quem podemos contar.<\/p>\n\n\n\n<p class=\"wp-block-paragraph\"><strong>Neste Setembro Amarelo<\/strong><\/p>\n\n\n\n<p class=\"wp-block-paragraph\">Que este m\u00eas seja tamb\u00e9m um convite para estarmos mais atentos uns aos outros.<\/p>\n\n\n\n<p class=\"wp-block-paragraph\">Que possamos perguntar, ouvir, acolher e fortalecer os v\u00ednculos que fazem parte da nossa vida.<\/p>\n\n\n\n<p class=\"wp-block-paragraph\">Porque cuidar n\u00e3o est\u00e1 apenas nas grandes atitudes. Muitas vezes, come\u00e7a em um gesto simples: estar presente.<\/p>\n\n\n\n<p class=\"wp-block-paragraph\">A ACACEF refor\u00e7a, neste Setembro Amarelo, a import\u00e2ncia da valoriza\u00e7\u00e3o da vida, da escuta e da constru\u00e7\u00e3o de rela\u00e7\u00f5es baseadas em cuidado, respeito e acolhimento.<\/p>\n\n\n\n<p class=\"wp-block-paragraph\"><\/p>\n","protected":false},"excerpt":{"rendered":"<p>Setembro \u00e9 marcado pelo Setembro Amarelo, campanha de conscientiza\u00e7\u00e3o que refor\u00e7a a import\u00e2ncia de falar sobre sa\u00fade mental, preven\u00e7\u00e3o do suic\u00eddio e valoriza\u00e7\u00e3o da vida. Mais do que uma campanha, o per\u00edodo nos convida a olhar com mais aten\u00e7\u00e3o para as pessoas que est\u00e3o ao nosso redor e compreender que cuidar tamb\u00e9m significa ouvir, acolher [&hellip;]<\/p>\n","protected":false},"author":2,"featured_media":12123,"comment_status":"open","ping_status":"open","sticky":false,"template":"","format":"standard","meta":{"footnotes":""},"categories":[46],"tags":[34,36,78,92],"class_list":["post-12122","post","type-post","status-publish","format-standard","has-post-thumbnail","hentry","category-informes","tag-acacef","tag-aposentados","tag-saude","tag-setembro-amarelo"],"_links":{"self":[{"href":"https:\/\/acacef.com.br\/novo\/wp-json\/wp\/v2\/posts\/12122","targetHints":{"allow":["GET"]}}],"collection":[{"href":"https:\/\/acacef.com.br\/novo\/wp-json\/wp\/v2\/posts"}],"about":[{"href":"https:\/\/acacef.com.br\/novo\/wp-json\/wp\/v2\/types\/post"}],"author":[{"embeddable":true,"href":"https:\/\/acacef.com.br\/novo\/wp-json\/wp\/v2\/users\/2"}],"replies":[{"embeddable":true,"href":"https:\/\/acacef.com.br\/novo\/wp-json\/wp\/v2\/comments?post=12122"}],"version-history":[{"count":1,"href":"https:\/\/acacef.com.br\/novo\/wp-json\/wp\/v2\/posts\/12122\/revisions"}],"predecessor-version":[{"id":12124,"href":"https:\/\/acacef.com.br\/novo\/wp-json\/wp\/v2\/posts\/12122\/revisions\/12124"}],"wp:featuredmedia":[{"embeddable":true,"href":"https:\/\/acacef.com.br\/novo\/wp-json\/wp\/v2\/media\/12123"}],"wp:attachment":[{"href":"https:\/\/acacef.com.br\/novo\/wp-json\/wp\/v2\/media?parent=12122"}],"wp:term":[{"taxonomy":"category","embeddable":true,"href":"https:\/\/acacef.com.br\/novo\/wp-json\/wp\/v2\/categories?post=12122"},{"taxonomy":"post_tag","embeddable":true,"href":"https:\/\/acacef.com.br\/novo\/wp-json\/wp\/v2\/tags?post=12122"}],"curies":[{"name":"wp","href":"https:\/\/api.w.org\/{rel}","templated":true}]}}